{"id":29189,"date":"2022-02-03T16:12:14","date_gmt":"2022-02-03T15:12:14","guid":{"rendered":"http:\/\/62.218.72.186\/wordpress\/?p=29189"},"modified":"2022-03-07T11:23:49","modified_gmt":"2022-03-07T10:23:49","slug":"unsere-neuen-schulsprecherinnen","status":"publish","type":"post","link":"https:\/\/www.mint2000.at\/Wordpress\/index.php\/unsere-neuen-schulsprecherinnen\/","title":{"rendered":"Unsere neuen Schulsprecherinnen"},"content":{"rendered":"\n<div class=\"wp-block-image\"><figure class=\"alignleft size-full is-resized\"><img loading=\"lazy\" decoding=\"async\" src=\"http:\/\/62.218.72.186\/wordpress\/wp-content\/uploads\/2022\/02\/Anika-Hartl-2.jpg\" alt=\"\" class=\"wp-image-29184\" width=\"282\" height=\"380\" srcset=\"https:\/\/www.mint2000.at\/Wordpress\/wp-content\/uploads\/2022\/02\/Anika-Hartl-2.jpg 314w, https:\/\/www.mint2000.at\/Wordpress\/wp-content\/uploads\/2022\/02\/Anika-Hartl-2-222x300.jpg 222w, https:\/\/www.mint2000.at\/Wordpress\/wp-content\/uploads\/2022\/02\/Anika-Hartl-2-111x150.jpg 111w\" sizes=\"auto, (max-width: 282px) 100vw, 282px\" \/><figcaption><em>Anika Hartl (4a) ist unsere neue Schulsprecherin!<\/em><\/figcaption><\/figure><\/div>\n\n\n\n<div class=\"wp-block-image\"><figure class=\"alignleft size-large is-resized\"><img loading=\"lazy\" decoding=\"async\" src=\"http:\/\/62.218.72.186\/wordpress\/wp-content\/uploads\/2022\/02\/Magdalena-Baumgartner-768x1024.jpg\" alt=\"\" class=\"wp-image-29186\" width=\"178\" height=\"236\" srcset=\"https:\/\/www.mint2000.at\/Wordpress\/wp-content\/uploads\/2022\/02\/Magdalena-Baumgartner-768x1024.jpg 768w, https:\/\/www.mint2000.at\/Wordpress\/wp-content\/uploads\/2022\/02\/Magdalena-Baumgartner-225x300.jpg 225w, https:\/\/www.mint2000.at\/Wordpress\/wp-content\/uploads\/2022\/02\/Magdalena-Baumgartner-1152x1536.jpg 1152w, https:\/\/www.mint2000.at\/Wordpress\/wp-content\/uploads\/2022\/02\/Magdalena-Baumgartner-1536x2048.jpg 1536w, https:\/\/www.mint2000.at\/Wordpress\/wp-content\/uploads\/2022\/02\/Magdalena-Baumgartner.jpg 1591w\" sizes=\"auto, (max-width: 178px) 100vw, 178px\" \/><figcaption><em>Magdalena Baumgartner fungiert ab sofort als Stellvertreterin<\/em><\/figcaption><\/figure><\/div>\n\n\n\n<p>&nbsp;<\/p>\n<p>&nbsp;<\/p>\n<p>&nbsp;<\/p>\n<p>&nbsp;<\/p>\n<p>&nbsp;<\/p>\n<p>&nbsp;<\/p>\n<p>&nbsp;<\/p>\n<p>&nbsp;<\/p>\n<p>&nbsp;<\/p>\n<p>Auch wenn es ein ungew\u00f6hnlicher Zeitpunkt ist, m\u00f6chte ich hier unsere neue Schulsprecherin Anika Hartl und ihre Stellvertreterin Magdalena Baumgartner vorstellen.<!--more--><\/p>\n<p>Unerfreuliche Umst\u00e4nde bedingten, dass der bisherige Schulsprecher und sein Stellvertreter f\u00fcr ihre Funktionen nicht mehr in Frage kamen. Eine Neuwahl brachte rasch ein klares Ergebnis zugunsten der beiden Sch\u00fclerinnen, die somit auch Klassensprecher der 4a sind. Ich habe unsere neue Schulsprecherin Anika Hartl befragt und sie gebeten, sich vorzustellen.<\/p>\n<p>\u201eIch hei\u00dfe Anika Hartl, bin aus der 4a und wurde f\u00fcr das halbe Jahr als Schulsprecher gew\u00e4hlt. Ich war schon \u00fcberrascht, da ich mich heuer das erste Mal als Klassensprecherin aufstellen lassen habe und gewonnen habe. Zuerst war nur die Rede von Klassensprecherin, aber dann hie\u00df es ich bin somit auch Schulsprecher geworden. Ich freue mich sehr dar\u00fcber. Da diese Entscheidung sehr kurzfristig getroffen wurde, konnte ich mich damit noch nicht mal besch\u00e4ftigen. Und leider ist es nur mehr f\u00fcr ein paar Monate. Ich freue mich sehr dar\u00fcber und m\u00f6chte es so gut ich kann machen.\u201c<\/p>\n<p><strong>Wichtig ist Anika noch, folgendes zu betonen: \u201eWenn ein Sch\u00fcler\/Sch\u00fclerin ein Problem\/Anliegen hat kann er\/sie jederzeit gerne zu mir kommen und ich versuche gemeinsam mit der Person eine L\u00f6sung zu finden.\u201c<\/strong><\/p>\n<p>Ihr zur Seite steht Magdalena Baumgartner, ebenfalls 4a, als ihre Stellvertreterin. Sie m\u00f6chte sich folgenderma\u00dfen vorstellen: &#8220;Hallo, Ich bin Magdalena Baumgartner und besuche die 4a. Durch die kurzfristige Wahl war ich sehr \u00fcberrascht, dass ich Schulsprecherstellvertreterin wurde. Ich habe ein offenes Ohr f\u00fcr eure Anliegen und setze mich &#8211; soweit es mir m\u00f6glich ist, f\u00fcr euch ein. Ich w\u00fcnsche euch ein erfolgreiches 2. Semester und viel Freude beim Lernen! :)&#8221;<\/p>\n<p>Klassenvorstand Birgit Graner und das \u00fcbrige Team der Informatik Mittelschule Stockerau gratulieren ganz herzlich!<\/p>\n","protected":false},"excerpt":{"rendered":"<p>&nbsp; &nbsp; &nbsp; &nbsp; &nbsp; &nbsp; &nbsp; &nbsp; &nbsp; Auch wenn es ein ungew\u00f6hnlicher Zeitpunkt ist, m\u00f6chte ich hier unsere neue Schulsprecherin Anika Hartl und ihre Stellvertreterin Magdalena Baumgartner vorstellen.<\/p>\n","protected":false},"author":46,"featured_media":29184,"comment_status":"closed","ping_status":"open","sticky":false,"template":"","format":"standard","meta":{"ngg_post_thumbnail":0,"footnotes":""},"categories":[1],"tags":[],"class_list":["post-29189","post","type-post","status-publish","format-standard","has-post-thumbnail","hentry","category-aktuell"],"gutentor_comment":0,"_links":{"self":[{"href":"https:\/\/www.mint2000.at\/Wordpress\/index.php\/wp-json\/wp\/v2\/posts\/29189","targetHints":{"allow":["GET"]}}],"collection":[{"href":"https:\/\/www.mint2000.at\/Wordpress\/index.php\/wp-json\/wp\/v2\/posts"}],"about":[{"href":"https:\/\/www.mint2000.at\/Wordpress\/index.php\/wp-json\/wp\/v2\/types\/post"}],"author":[{"embeddable":true,"href":"https:\/\/www.mint2000.at\/Wordpress\/index.php\/wp-json\/wp\/v2\/users\/46"}],"replies":[{"embeddable":true,"href":"https:\/\/www.mint2000.at\/Wordpress\/index.php\/wp-json\/wp\/v2\/comments?post=29189"}],"version-history":[{"count":0,"href":"https:\/\/www.mint2000.at\/Wordpress\/index.php\/wp-json\/wp\/v2\/posts\/29189\/revisions"}],"wp:featuredmedia":[{"embeddable":true,"href":"https:\/\/www.mint2000.at\/Wordpress\/index.php\/wp-json\/wp\/v2\/media\/29184"}],"wp:attachment":[{"href":"https:\/\/www.mint2000.at\/Wordpress\/index.php\/wp-json\/wp\/v2\/media?parent=29189"}],"wp:term":[{"taxonomy":"category","embeddable":true,"href":"https:\/\/www.mint2000.at\/Wordpress\/index.php\/wp-json\/wp\/v2\/categories?post=29189"},{"taxonomy":"post_tag","embeddable":true,"href":"https:\/\/www.mint2000.at\/Wordpress\/index.php\/wp-json\/wp\/v2\/tags?post=29189"}],"curies":[{"name":"wp","href":"https:\/\/api.w.org\/{rel}","templated":true}]}}