{"id":30990,"date":"2022-06-25T12:27:48","date_gmt":"2022-06-25T10:27:48","guid":{"rendered":"http:\/\/62.218.72.186\/wordpress\/?p=30990"},"modified":"2022-06-25T12:27:48","modified_gmt":"2022-06-25T10:27:48","slug":"die-1epower-nachts-nein-tagsuber-im-museum","status":"publish","type":"post","link":"https:\/\/www.mint2000.at\/Wordpress\/index.php\/die-1epower-nachts-nein-tagsuber-im-museum\/","title":{"rendered":"Die 1ePower nachts- , nein tags\u00fcber im Museum"},"content":{"rendered":"\n<div class=\"wp-block-image\"><figure class=\"alignleft size-full is-resized\"><img loading=\"lazy\" decoding=\"async\" src=\"http:\/\/62.218.72.186\/wordpress\/wp-content\/uploads\/2022\/06\/IMG_20220608_111153.jpg\" alt=\"\" class=\"wp-image-30969\" width=\"375\" height=\"281\" srcset=\"https:\/\/www.mint2000.at\/Wordpress\/wp-content\/uploads\/2022\/06\/IMG_20220608_111153.jpg 640w, https:\/\/www.mint2000.at\/Wordpress\/wp-content\/uploads\/2022\/06\/IMG_20220608_111153-300x225.jpg 300w, https:\/\/www.mint2000.at\/Wordpress\/wp-content\/uploads\/2022\/06\/IMG_20220608_111153-150x113.jpg 150w, https:\/\/www.mint2000.at\/Wordpress\/wp-content\/uploads\/2022\/06\/IMG_20220608_111153-200x150.jpg 200w, https:\/\/www.mint2000.at\/Wordpress\/wp-content\/uploads\/2022\/06\/IMG_20220608_111153-400x300.jpg 400w\" sizes=\"auto, (max-width: 375px) 100vw, 375px\" \/><figcaption><em>Mammut, Mastodon und Giraffe, alles S\u00e4ugetiere<\/em>, hier mit Mert und Tarndeep<\/figcaption><\/figure><\/div>\n\n\n\n<p>Mit ihren Klassenvorst\u00e4nden Justinne Birg-Khalife und Sylvia Buchner brach die 1ePower am Dienstag, den 8. Juni Richtung Wien auf um das Naturhistorische Museum zu besuchen. <!--more-->Thema des Besuchs waren unsere \u201eKollegen\u201c, die S\u00e4ugetiere. Passend zum BU Unterricht absolvierte die ganze Klasse eine F\u00fchrung zu diesem Thema. Die Sch\u00fclerinnen und Sch\u00fcler waren sehr brav und aufmerksam, stellten viele Fragen und waren auch in der Lage, viele zu beantworten. Auf alle F\u00e4lle war es ein sehr sch\u00f6ner und lehrreicher Vormittag im Museum!<\/p>\n<p>&nbsp;<\/p>\n\n\n\nngg_shortcode_0_placeholder\n","protected":false},"excerpt":{"rendered":"<p>Mit ihren Klassenvorst\u00e4nden Justinne Birg-Khalife und Sylvia Buchner brach die 1ePower am Dienstag, den 8. Juni Richtung Wien auf um das Naturhistorische Museum zu besuchen.<\/p>\n","protected":false},"author":46,"featured_media":30970,"comment_status":"closed","ping_status":"open","sticky":false,"template":"","format":"standard","meta":{"ngg_post_thumbnail":0,"footnotes":""},"categories":[247],"tags":[],"class_list":["post-30990","post","type-post","status-publish","format-standard","has-post-thumbnail","hentry","category-exkursionen-wandertage"],"gutentor_comment":0,"_links":{"self":[{"href":"https:\/\/www.mint2000.at\/Wordpress\/index.php\/wp-json\/wp\/v2\/posts\/30990","targetHints":{"allow":["GET"]}}],"collection":[{"href":"https:\/\/www.mint2000.at\/Wordpress\/index.php\/wp-json\/wp\/v2\/posts"}],"about":[{"href":"https:\/\/www.mint2000.at\/Wordpress\/index.php\/wp-json\/wp\/v2\/types\/post"}],"author":[{"embeddable":true,"href":"https:\/\/www.mint2000.at\/Wordpress\/index.php\/wp-json\/wp\/v2\/users\/46"}],"replies":[{"embeddable":true,"href":"https:\/\/www.mint2000.at\/Wordpress\/index.php\/wp-json\/wp\/v2\/comments?post=30990"}],"version-history":[{"count":0,"href":"https:\/\/www.mint2000.at\/Wordpress\/index.php\/wp-json\/wp\/v2\/posts\/30990\/revisions"}],"wp:featuredmedia":[{"embeddable":true,"href":"https:\/\/www.mint2000.at\/Wordpress\/index.php\/wp-json\/wp\/v2\/media\/30970"}],"wp:attachment":[{"href":"https:\/\/www.mint2000.at\/Wordpress\/index.php\/wp-json\/wp\/v2\/media?parent=30990"}],"wp:term":[{"taxonomy":"category","embeddable":true,"href":"https:\/\/www.mint2000.at\/Wordpress\/index.php\/wp-json\/wp\/v2\/categories?post=30990"},{"taxonomy":"post_tag","embeddable":true,"href":"https:\/\/www.mint2000.at\/Wordpress\/index.php\/wp-json\/wp\/v2\/tags?post=30990"}],"curies":[{"name":"wp","href":"https:\/\/api.w.org\/{rel}","templated":true}]}}