{"id":36763,"date":"2023-09-18T00:21:58","date_gmt":"2023-09-17T22:21:58","guid":{"rendered":"https:\/\/www.mint2000.at\/Wordpress\/?p=36763"},"modified":"2023-09-18T00:36:15","modified_gmt":"2023-09-17T22:36:15","slug":"wandertag-in-der-wachau","status":"publish","type":"post","link":"https:\/\/www.mint2000.at\/Wordpress\/index.php\/wandertag-in-der-wachau\/","title":{"rendered":"Wandertag in der Wachau"},"content":{"rendered":"\n\n<div class=\"wp-block-image\">\n<figure class=\"alignleft size-full is-resized\"><img loading=\"lazy\" decoding=\"async\" src=\"https:\/\/www.mint2000.at\/Wordpress\/wp-content\/uploads\/2023\/09\/P9074146-Klein.jpg\" alt=\"\" class=\"wp-image-36586\" width=\"333\" height=\"249\" srcset=\"https:\/\/www.mint2000.at\/Wordpress\/wp-content\/uploads\/2023\/09\/P9074146-Klein.jpg 640w, https:\/\/www.mint2000.at\/Wordpress\/wp-content\/uploads\/2023\/09\/P9074146-Klein-300x225.jpg 300w, https:\/\/www.mint2000.at\/Wordpress\/wp-content\/uploads\/2023\/09\/P9074146-Klein-150x113.jpg 150w, https:\/\/www.mint2000.at\/Wordpress\/wp-content\/uploads\/2023\/09\/P9074146-Klein-200x150.jpg 200w, https:\/\/www.mint2000.at\/Wordpress\/wp-content\/uploads\/2023\/09\/P9074146-Klein-400x300.jpg 400w\" sizes=\"auto, (max-width: 333px) 100vw, 333px\" \/><\/figure>\n<\/div>\n\n\n<p>In der ersten Schulwoche findet traditionellerweise ein Wandertag oder ein Ausflug statt. In diesem neuen Schuljahr 2023\/24 verlie\u00dfen also am Donnerstag in der ersten Woche alle Klassen der Mint und Informatik Mittelschule das Geb\u00e4ude und nutzten das unglaublich sch\u00f6ne Sp\u00e4tsommerwetter.<!--more--><\/p>\n<p>Die neue 1 Mint mit ihrer Klassenlehrerin Claudia St\u00f6ckelmaier und Bewegung und Sport Lehrer Matthias Kral machten mit der 2 Mint mit ihren Klassenvorst\u00e4nden Veronika Leser und Dagmar Ungrad gemeinsame Sache und fuhren mit einem Bus in die Wachau. Von zwei verschiedenen Ausgangspunkten aus marschierten die beiden Klassen zun\u00e4chst getrennt, sp\u00e4ter dann gemeinsam ein St\u00fcck des Weltkulturerbe \u2013 Steiges.<\/p>\n<p>Wetter pr\u00e4chtig, Umgebung und Ausblicke fantastisch (nicht umsonst ist die Wachau zum Weltkulturerbe ernannt worden), weitestgehend motivierte Kinder \u2013 was will man mehr?<\/p>\n<p>Zum Abschluss gab es noch eine kleine Kraxelpartie auf der ber\u00fchmten Burgruine D\u00fcrnstein, ein Eis in der Altstadt und einen Abstecher zum Spielplatz am Donauufer, bevor es nach einem gelungenen Wandertag mit dem Bus wieder zur\u00fcck nach Stockerau ging.<\/p>\n\n\n<div class=\"wp-block-image\">\n<figure class=\"alignleft size-full is-resized\"><img loading=\"lazy\" decoding=\"async\" src=\"https:\/\/www.mint2000.at\/Wordpress\/wp-content\/uploads\/2023\/09\/IMG_0182-Klein.jpg\" alt=\"\" class=\"wp-image-36582\" width=\"361\" height=\"271\" srcset=\"https:\/\/www.mint2000.at\/Wordpress\/wp-content\/uploads\/2023\/09\/IMG_0182-Klein.jpg 640w, https:\/\/www.mint2000.at\/Wordpress\/wp-content\/uploads\/2023\/09\/IMG_0182-Klein-300x225.jpg 300w, https:\/\/www.mint2000.at\/Wordpress\/wp-content\/uploads\/2023\/09\/IMG_0182-Klein-150x113.jpg 150w, https:\/\/www.mint2000.at\/Wordpress\/wp-content\/uploads\/2023\/09\/IMG_0182-Klein-200x150.jpg 200w, https:\/\/www.mint2000.at\/Wordpress\/wp-content\/uploads\/2023\/09\/IMG_0182-Klein-400x300.jpg 400w\" sizes=\"auto, (max-width: 361px) 100vw, 361px\" \/><\/figure>\n<\/div>\n\n<div class=\"wp-block-image\">\n<figure class=\"alignright size-full is-resized\"><img loading=\"lazy\" decoding=\"async\" src=\"https:\/\/www.mint2000.at\/Wordpress\/wp-content\/uploads\/2023\/09\/P9074162-Klein.jpg\" alt=\"\" class=\"wp-image-36587\" width=\"356\" height=\"267\" srcset=\"https:\/\/www.mint2000.at\/Wordpress\/wp-content\/uploads\/2023\/09\/P9074162-Klein.jpg 640w, https:\/\/www.mint2000.at\/Wordpress\/wp-content\/uploads\/2023\/09\/P9074162-Klein-300x225.jpg 300w, https:\/\/www.mint2000.at\/Wordpress\/wp-content\/uploads\/2023\/09\/P9074162-Klein-150x113.jpg 150w, https:\/\/www.mint2000.at\/Wordpress\/wp-content\/uploads\/2023\/09\/P9074162-Klein-200x150.jpg 200w, https:\/\/www.mint2000.at\/Wordpress\/wp-content\/uploads\/2023\/09\/P9074162-Klein-400x300.jpg 400w\" sizes=\"auto, (max-width: 356px) 100vw, 356px\" \/><\/figure>\n<\/div>\n\n<div class=\"wp-block-image\">\n<figure class=\"alignleft size-full is-resized\"><img loading=\"lazy\" decoding=\"async\" src=\"https:\/\/www.mint2000.at\/Wordpress\/wp-content\/uploads\/2023\/09\/IMG_0173-Klein.jpg\" alt=\"\" class=\"wp-image-36581\" width=\"844\" height=\"285\" srcset=\"https:\/\/www.mint2000.at\/Wordpress\/wp-content\/uploads\/2023\/09\/IMG_0173-Klein.jpg 854w, https:\/\/www.mint2000.at\/Wordpress\/wp-content\/uploads\/2023\/09\/IMG_0173-Klein-300x102.jpg 300w, https:\/\/www.mint2000.at\/Wordpress\/wp-content\/uploads\/2023\/09\/IMG_0173-Klein-150x51.jpg 150w, https:\/\/www.mint2000.at\/Wordpress\/wp-content\/uploads\/2023\/09\/IMG_0173-Klein-400x135.jpg 400w\" sizes=\"auto, (max-width: 844px) 100vw, 844px\" \/><\/figure>\n<\/div>\n\n<div class=\"wp-block-image\">\n<figure class=\"alignright size-full is-resized\"><img loading=\"lazy\" decoding=\"async\" src=\"https:\/\/www.mint2000.at\/Wordpress\/wp-content\/uploads\/2023\/09\/P9074123-Klein.jpg\" alt=\"\" class=\"wp-image-36585\" width=\"335\" height=\"446\" srcset=\"https:\/\/www.mint2000.at\/Wordpress\/wp-content\/uploads\/2023\/09\/P9074123-Klein.jpg 480w, https:\/\/www.mint2000.at\/Wordpress\/wp-content\/uploads\/2023\/09\/P9074123-Klein-225x300.jpg 225w, https:\/\/www.mint2000.at\/Wordpress\/wp-content\/uploads\/2023\/09\/P9074123-Klein-113x150.jpg 113w, https:\/\/www.mint2000.at\/Wordpress\/wp-content\/uploads\/2023\/09\/P9074123-Klein-400x533.jpg 400w\" sizes=\"auto, (max-width: 335px) 100vw, 335px\" \/><\/figure>\n<\/div>\n\n\nngg_shortcode_0_placeholder\n","protected":false},"excerpt":{"rendered":"<p>In der ersten Schulwoche findet traditionellerweise ein Wandertag oder ein Ausflug statt. In diesem neuen Schuljahr 2023\/24 verlie\u00dfen also am Donnerstag in der ersten Woche alle Klassen der Mint und Informatik Mittelschule das Geb\u00e4ude und nutzten das unglaublich sch\u00f6ne Sp\u00e4tsommerwetter.<\/p>\n","protected":false},"author":46,"featured_media":36587,"comment_status":"closed","ping_status":"open","sticky":false,"template":"","format":"standard","meta":{"ngg_post_thumbnail":0,"footnotes":""},"categories":[1,10,45,39],"tags":[],"class_list":["post-36763","post","type-post","status-publish","format-standard","has-post-thumbnail","hentry","category-aktuell","category-aktivitaten","category-outdoorpadagogik","category-schule-mal-anders"],"gutentor_comment":0,"_links":{"self":[{"href":"https:\/\/www.mint2000.at\/Wordpress\/index.php\/wp-json\/wp\/v2\/posts\/36763","targetHints":{"allow":["GET"]}}],"collection":[{"href":"https:\/\/www.mint2000.at\/Wordpress\/index.php\/wp-json\/wp\/v2\/posts"}],"about":[{"href":"https:\/\/www.mint2000.at\/Wordpress\/index.php\/wp-json\/wp\/v2\/types\/post"}],"author":[{"embeddable":true,"href":"https:\/\/www.mint2000.at\/Wordpress\/index.php\/wp-json\/wp\/v2\/users\/46"}],"replies":[{"embeddable":true,"href":"https:\/\/www.mint2000.at\/Wordpress\/index.php\/wp-json\/wp\/v2\/comments?post=36763"}],"version-history":[{"count":4,"href":"https:\/\/www.mint2000.at\/Wordpress\/index.php\/wp-json\/wp\/v2\/posts\/36763\/revisions"}],"predecessor-version":[{"id":36775,"href":"https:\/\/www.mint2000.at\/Wordpress\/index.php\/wp-json\/wp\/v2\/posts\/36763\/revisions\/36775"}],"wp:featuredmedia":[{"embeddable":true,"href":"https:\/\/www.mint2000.at\/Wordpress\/index.php\/wp-json\/wp\/v2\/media\/36587"}],"wp:attachment":[{"href":"https:\/\/www.mint2000.at\/Wordpress\/index.php\/wp-json\/wp\/v2\/media?parent=36763"}],"wp:term":[{"taxonomy":"category","embeddable":true,"href":"https:\/\/www.mint2000.at\/Wordpress\/index.php\/wp-json\/wp\/v2\/categories?post=36763"},{"taxonomy":"post_tag","embeddable":true,"href":"https:\/\/www.mint2000.at\/Wordpress\/index.php\/wp-json\/wp\/v2\/tags?post=36763"}],"curies":[{"name":"wp","href":"https:\/\/api.w.org\/{rel}","templated":true}]}}